{"id":8186,"date":"2022-06-29T15:13:00","date_gmt":"2022-06-29T15:13:00","guid":{"rendered":"https:\/\/innovation.at\/?p=8186"},"modified":"2022-11-23T10:20:03","modified_gmt":"2022-11-23T10:20:03","slug":"startup-call-fuer-den-green-peak-startup-award-pitch","status":"publish","type":"post","link":"https:\/\/innovation.at\/en\/startup-call-fuer-den-green-peak-startup-award-pitch\/","title":{"rendered":"Startup Call f\u00fcr den Green Peak Startup Award Pitch\u00a0"},"content":{"rendered":"<div data-elementor-type=\"wp-post\" data-elementor-id=\"8186\" class=\"elementor elementor-8186\" data-elementor-post-type=\"post\">\n\t\t\t\t\t\t<section class=\"elementor-section elementor-top-section elementor-element elementor-element-a0840eb elementor-section-boxed elementor-section-height-default elementor-section-height-default\" data-id=\"a0840eb\" data-element_type=\"section\" data-e-type=\"section\">\n\t\t\t\t\t\t<div class=\"elementor-container elementor-column-gap-default\">\n\t\t\t\t\t<div class=\"elementor-column elementor-col-16 elementor-top-column elementor-element elementor-element-042913a\" data-id=\"042913a\" data-element_type=\"column\" data-e-type=\"column\">\n\t\t\t<div class=\"elementor-widget-wrap\">\n\t\t\t\t\t\t\t<\/div>\n\t\t<\/div>\n\t\t\t\t<div class=\"elementor-column elementor-col-66 elementor-top-column elementor-element elementor-element-6641298\" data-id=\"6641298\" data-element_type=\"column\" data-e-type=\"column\">\n\t\t\t<div class=\"elementor-widget-wrap elementor-element-populated\">\n\t\t\t\t\t\t<div class=\"elementor-element elementor-element-f749767 elementor-widget elementor-widget-image\" data-id=\"f749767\" data-element_type=\"widget\" data-e-type=\"widget\" data-widget_type=\"image.default\">\n\t\t\t\t<div class=\"elementor-widget-container\">\n\t\t\t\t\t\t\t\t\t\t\t\t\t\t\t<img fetchpriority=\"high\" decoding=\"async\" width=\"800\" height=\"502\" src=\"https:\/\/innovation.at\/wp-content\/uploads\/Green-Peak-Award-1200x752-1-1024x642.png\" class=\"attachment-large size-large wp-image-8187\" alt=\"Green-Peak-Award\" srcset=\"https:\/\/innovation.at\/wp-content\/uploads\/Green-Peak-Award-1200x752-1-1024x642.png 1024w, https:\/\/innovation.at\/wp-content\/uploads\/Green-Peak-Award-1200x752-1-300x188.png 300w, https:\/\/innovation.at\/wp-content\/uploads\/Green-Peak-Award-1200x752-1-768x481.png 768w, https:\/\/innovation.at\/wp-content\/uploads\/Green-Peak-Award-1200x752-1-18x12.png 18w, https:\/\/innovation.at\/wp-content\/uploads\/Green-Peak-Award-1200x752-1.png 1200w\" sizes=\"(max-width: 800px) 100vw, 800px\" \/>\t\t\t\t\t\t\t\t\t\t\t\t\t\t\t<\/div>\n\t\t\t\t<\/div>\n\t\t\t\t\t<\/div>\n\t\t<\/div>\n\t\t\t\t<div class=\"elementor-column elementor-col-16 elementor-top-column elementor-element elementor-element-9c534bf\" data-id=\"9c534bf\" data-element_type=\"column\" data-e-type=\"column\">\n\t\t\t<div class=\"elementor-widget-wrap\">\n\t\t\t\t\t\t\t<\/div>\n\t\t<\/div>\n\t\t\t\t\t<\/div>\n\t\t<\/section>\n\t\t\t\t<section class=\"elementor-section elementor-top-section elementor-element elementor-element-b410b42 elementor-section-boxed elementor-section-height-default elementor-section-height-default\" data-id=\"b410b42\" data-element_type=\"section\" data-e-type=\"section\">\n\t\t\t\t\t\t<div class=\"elementor-container elementor-column-gap-default\">\n\t\t\t\t\t<div class=\"elementor-column elementor-col-16 elementor-top-column elementor-element elementor-element-8941b36\" data-id=\"8941b36\" data-element_type=\"column\" data-e-type=\"column\">\n\t\t\t<div class=\"elementor-widget-wrap\">\n\t\t\t\t\t\t\t<\/div>\n\t\t<\/div>\n\t\t\t\t<div class=\"elementor-column elementor-col-66 elementor-top-column elementor-element elementor-element-b3bea11\" data-id=\"b3bea11\" data-element_type=\"column\" data-e-type=\"column\">\n\t\t\t<div class=\"elementor-widget-wrap elementor-element-populated\">\n\t\t\t\t\t\t<div class=\"elementor-element elementor-element-3311863 elementor-widget elementor-widget-heading\" data-id=\"3311863\" data-element_type=\"widget\" data-e-type=\"widget\" data-widget_type=\"heading.default\">\n\t\t\t\t<div class=\"elementor-widget-container\">\n\t\t\t\t\t<h2 class=\"elementor-heading-title elementor-size-default\">Startup Call f\u00fcr den Green Peak Startup Award Pitch<\/h2>\t\t\t\t<\/div>\n\t\t\t\t<\/div>\n\t\t\t\t\t<\/div>\n\t\t<\/div>\n\t\t\t\t<div class=\"elementor-column elementor-col-16 elementor-top-column elementor-element elementor-element-88f7e76\" data-id=\"88f7e76\" data-element_type=\"column\" data-e-type=\"column\">\n\t\t\t<div class=\"elementor-widget-wrap\">\n\t\t\t\t\t\t\t<\/div>\n\t\t<\/div>\n\t\t\t\t\t<\/div>\n\t\t<\/section>\n\t\t\t\t<section class=\"elementor-section elementor-top-section elementor-element elementor-element-1423c85 elementor-section-boxed elementor-section-height-default elementor-section-height-default\" data-id=\"1423c85\" data-element_type=\"section\" data-e-type=\"section\">\n\t\t\t\t\t\t<div class=\"elementor-container elementor-column-gap-default\">\n\t\t\t\t\t<div class=\"elementor-column elementor-col-16 elementor-top-column elementor-element elementor-element-f9e376c\" data-id=\"f9e376c\" data-element_type=\"column\" data-e-type=\"column\">\n\t\t\t<div class=\"elementor-widget-wrap\">\n\t\t\t\t\t\t\t<\/div>\n\t\t<\/div>\n\t\t\t\t<div class=\"elementor-column elementor-col-66 elementor-top-column elementor-element elementor-element-efc7700\" data-id=\"efc7700\" data-element_type=\"column\" data-e-type=\"column\">\n\t\t\t<div class=\"elementor-widget-wrap elementor-element-populated\">\n\t\t\t\t\t\t<div class=\"elementor-element elementor-element-7f18d83 elementor-widget elementor-widget-text-editor\" data-id=\"7f18d83\" data-element_type=\"widget\" data-e-type=\"widget\" data-widget_type=\"text-editor.default\">\n\t\t\t\t<div class=\"elementor-widget-container\">\n\t\t\t\t\t\t\t\t\t<p><span style=\"font-size: 17.6px;\">\u00d6sterreichische Top-Gr\u00fcndungsteams mit Fokus auf Nachhaltigkeit und GreenTech haben im Rahmen des Green Peak Startup Award Pitch am <a href=\"https:\/\/greenpeakfestival.com\/\" target=\"_blank\" rel=\"noopener\">Green Peak Festival 2022<\/a> (22. September 2022) die einzigartige M\u00f6glichkeit, f\u00fchrende Unternehmer:innen, politische Vertreter:innen und potenzielle Investor:innen f\u00fcr ihr Unternehmen zu gewinnen.<\/span><\/p>\n<p><span style=\"font-size: 17.6px;\">&nbsp;<\/span><\/p>\n<p><span style=\"font-size: 17.6px;\">Der Green Peak Startup Award erm\u00f6glicht den ausgew\u00e4hlten Startups, sich auf der Festivalb\u00fchne zu pr\u00e4sentieren und mit ihrem Pitch das Publikum zu \u00fcberzeugen. Die ausgew\u00e4hlte Startups sind zudem eingeladen, am Vorabend des Events an einem exklusiven Galadinner mit Business Angel Investor:innen sowie Festival Speaker:innen &amp; Partner-Unternehmen teilzunehmen und ihr Startup zu pitchen.<\/span><\/p>\n<p><span style=\"font-size: 17.6px;\">&nbsp;<\/span><\/p>\n<p><span style=\"font-size: 17.6px;\">Die Preistr\u00e4gerin\/der Preistr\u00e4ger des Green Peak Startup Award erh\u00e4lt zus\u00e4tzlich ein exklusives Beratungspaket, das von der TPA Gruppe zur Verf\u00fcgung gestellt wird.&nbsp;<\/span><\/p>\n<p><\/p>\t\t\t\t\t\t\t\t<\/div>\n\t\t\t\t<\/div>\n\t\t\t\t\t<\/div>\n\t\t<\/div>\n\t\t\t\t<div class=\"elementor-column elementor-col-16 elementor-top-column elementor-element elementor-element-fffcf5d\" data-id=\"fffcf5d\" data-element_type=\"column\" data-e-type=\"column\">\n\t\t\t<div class=\"elementor-widget-wrap\">\n\t\t\t\t\t\t\t<\/div>\n\t\t<\/div>\n\t\t\t\t\t<\/div>\n\t\t<\/section>\n\t\t\t\t<section class=\"elementor-section elementor-top-section elementor-element elementor-element-cb77642 elementor-section-boxed elementor-section-height-default elementor-section-height-default\" data-id=\"cb77642\" data-element_type=\"section\" data-e-type=\"section\">\n\t\t\t\t\t\t<div class=\"elementor-container elementor-column-gap-default\">\n\t\t\t\t\t<div class=\"elementor-column elementor-col-16 elementor-top-column elementor-element elementor-element-95d2d5e\" data-id=\"95d2d5e\" data-element_type=\"column\" data-e-type=\"column\">\n\t\t\t<div class=\"elementor-widget-wrap\">\n\t\t\t\t\t\t\t<\/div>\n\t\t<\/div>\n\t\t\t\t<div class=\"elementor-column elementor-col-66 elementor-top-column elementor-element elementor-element-e38bd37\" data-id=\"e38bd37\" data-element_type=\"column\" data-e-type=\"column\">\n\t\t\t<div class=\"elementor-widget-wrap elementor-element-populated\">\n\t\t\t\t\t\t<div class=\"elementor-element elementor-element-58fbf17 elementor-align-center elementor-widget elementor-widget-button\" data-id=\"58fbf17\" data-element_type=\"widget\" data-e-type=\"widget\" data-widget_type=\"button.default\">\n\t\t\t\t<div class=\"elementor-widget-container\">\n\t\t\t\t\t\t\t\t\t<div class=\"elementor-button-wrapper\">\n\t\t\t\t\t<a class=\"elementor-button elementor-button-link elementor-size-sm\" href=\"https:\/\/www.awsconnect.at\/EVE\/applyCall\/3\" target=\"_blank\">\n\t\t\t\t\t\t<span class=\"elementor-button-content-wrapper\">\n\t\t\t\t\t\t\t\t\t<span class=\"elementor-button-text\">Hier Bewerbung bis 31. Juli 2022 einreichen<\/span>\n\t\t\t\t\t<\/span>\n\t\t\t\t\t<\/a>\n\t\t\t\t<\/div>\n\t\t\t\t\t\t\t\t<\/div>\n\t\t\t\t<\/div>\n\t\t\t\t\t<\/div>\n\t\t<\/div>\n\t\t\t\t<div class=\"elementor-column elementor-col-16 elementor-top-column elementor-element elementor-element-02d8bae\" data-id=\"02d8bae\" data-element_type=\"column\" data-e-type=\"column\">\n\t\t\t<div class=\"elementor-widget-wrap\">\n\t\t\t\t\t\t\t<\/div>\n\t\t<\/div>\n\t\t\t\t\t<\/div>\n\t\t<\/section>\n\t\t\t\t<section class=\"elementor-section elementor-top-section elementor-element elementor-element-3a6c6e5 elementor-section-boxed elementor-section-height-default elementor-section-height-default\" data-id=\"3a6c6e5\" data-element_type=\"section\" data-e-type=\"section\">\n\t\t\t\t\t\t<div class=\"elementor-container elementor-column-gap-default\">\n\t\t\t\t\t<div class=\"elementor-column elementor-col-16 elementor-top-column elementor-element elementor-element-7590ff6\" data-id=\"7590ff6\" data-element_type=\"column\" data-e-type=\"column\">\n\t\t\t<div class=\"elementor-widget-wrap\">\n\t\t\t\t\t\t\t<\/div>\n\t\t<\/div>\n\t\t\t\t<div class=\"elementor-column elementor-col-66 elementor-top-column elementor-element elementor-element-e04fb95\" data-id=\"e04fb95\" data-element_type=\"column\" data-e-type=\"column\">\n\t\t\t<div class=\"elementor-widget-wrap elementor-element-populated\">\n\t\t\t\t\t\t<div class=\"elementor-element elementor-element-ab4cd05 elementor-widget elementor-widget-text-editor\" data-id=\"ab4cd05\" data-element_type=\"widget\" data-e-type=\"widget\" data-widget_type=\"text-editor.default\">\n\t\t\t\t<div class=\"elementor-widget-container\">\n\t\t\t\t\t\t\t\t\t<p><span style=\"font-size: 17.6px;\">VORAUSSETZUNGEN F\u00dcR DIE BEWERBUNG:\u00a0<\/span><\/p><p><span style=\"font-size: 17.6px;\">\u2022 Das Startup ist in einem der folgenden Bereiche t\u00e4tig: Gr\u00fcne Mobilit\u00e4t, nachhaltige Landwirtschaft &amp; Ern\u00e4hrung, verantwortungsvolle Finanzen, nachhaltig verarbeitende Industrie.<\/span><\/p><p><span style=\"font-size: 17.6px;\">\u2022 Das Startup verf\u00fcgt \u00fcber einen fortgeschrittenen Prototypen bzw. der Markteintritt ist erfolgt oder wird 2022\/2023 erfolgen.<\/span><\/p><p><span style=\"font-size: 17.6px;\">\u2022 Es liegt ein klar erkennbares Alleinstellungsmerkmal vor.<\/span><\/p><p><span style=\"font-size: 17.6px;\">\u2022 Das Produkt\/Service ist skalierbar und adressiert einen gro\u00dfen und\/oder neuen Markt.<\/span><\/p><p><span style=\"font-size: 17.6px;\">\u2022 Das Unternehmen hat eine Basisfinanzierung (z.B. durch F\u00f6rderung bzw. Eigenmittel).\u00a0<\/span><\/p>\t\t\t\t\t\t\t\t<\/div>\n\t\t\t\t<\/div>\n\t\t\t\t\t<\/div>\n\t\t<\/div>\n\t\t\t\t<div class=\"elementor-column elementor-col-16 elementor-top-column elementor-element elementor-element-bea6085\" data-id=\"bea6085\" data-element_type=\"column\" data-e-type=\"column\">\n\t\t\t<div class=\"elementor-widget-wrap\">\n\t\t\t\t\t\t\t<\/div>\n\t\t<\/div>\n\t\t\t\t\t<\/div>\n\t\t<\/section>\n\t\t\t\t<\/div>","protected":false},"excerpt":{"rendered":"<p>Bis 31. Juli bewerben &#8211; \u00d6sterreichische Top-Gr\u00fcndungsteams mit Fokus auf Nachhaltigkeit und GreenTech haben im Rahmen des Green Peak Startup Award Pitch am Green Peak Festival 2022 (22. September 2022) die einzigartige M\u00f6glichkeit, f\u00fchrende Unternehmer:innen, politische Vertreter:innen und potenzielle Investor:innen f\u00fcr ihr Unternehmen zu gewinnen.<\/p>","protected":false},"author":3,"featured_media":8187,"comment_status":"open","ping_status":"open","sticky":false,"template":"","format":"standard","meta":{"_acf_changed":false,"_mo_disable_npp":"","inline_featured_image":false,"footnotes":""},"categories":[21,19],"tags":[],"class_list":["post-8186","post","type-post","status-publish","format-standard","has-post-thumbnail","hentry","category-news","category-slider-2-startseite"],"acf":[],"yoast_head":"<!-- This site is optimized with the Yoast SEO plugin v27.5 - https:\/\/yoast.com\/product\/yoast-seo-wordpress\/ -->\n<title>Startup Call f\u00fcr den Green Peak Startup Award Pitch\u00a0 - innovation service network<\/title>\n<meta name=\"description\" content=\"Startup Call f\u00fcr den Green Peak Startup Award Pitch am Green Peak Festival 2022, um Investor:innen f\u00fcr ihr Unternehmen zu gewinnen.\" \/>\n<meta name=\"robots\" content=\"index, follow, max-snippet:-1, max-image-preview:large, max-video-preview:-1\" \/>\n<link rel=\"canonical\" href=\"https:\/\/innovation.at\/en\/startup-call-fuer-den-green-peak-startup-award-pitch\/\" \/>\n<meta property=\"og:locale\" content=\"en_US\" \/>\n<meta property=\"og:type\" content=\"article\" \/>\n<meta property=\"og:title\" content=\"Startup Call f\u00fcr den Green Peak Startup Award Pitch\u00a0 - innovation service network\" \/>\n<meta property=\"og:description\" content=\"Startup Call f\u00fcr den Green Peak Startup Award Pitch am Green Peak Festival 2022, um Investor:innen f\u00fcr ihr Unternehmen zu gewinnen.\" \/>\n<meta property=\"og:url\" content=\"https:\/\/innovation.at\/en\/startup-call-fuer-den-green-peak-startup-award-pitch\/\" \/>\n<meta property=\"og:site_name\" content=\"innovation service network\" \/>\n<meta property=\"article:published_time\" content=\"2022-06-29T15:13:00+00:00\" \/>\n<meta property=\"article:modified_time\" content=\"2022-11-23T10:20:03+00:00\" \/>\n<meta property=\"og:image\" content=\"https:\/\/innovation.at\/wp-content\/uploads\/Green-Peak-Award-1200x752-1.png\" \/>\n\t<meta property=\"og:image:width\" content=\"1200\" \/>\n\t<meta property=\"og:image:height\" content=\"752\" \/>\n\t<meta property=\"og:image:type\" content=\"image\/png\" \/>\n<meta name=\"author\" content=\"isn\" \/>\n<meta name=\"twitter:card\" content=\"summary_large_image\" \/>\n<meta name=\"twitter:label1\" content=\"Written by\" \/>\n\t<meta name=\"twitter:data1\" content=\"isn\" \/>\n\t<meta name=\"twitter:label2\" content=\"Est. reading time\" \/>\n\t<meta name=\"twitter:data2\" content=\"2 minutes\" \/>\n<script type=\"application\/ld+json\" class=\"yoast-schema-graph\">{\"@context\":\"https:\\\/\\\/schema.org\",\"@graph\":[{\"@type\":\"Article\",\"@id\":\"https:\\\/\\\/innovation.at\\\/startup-call-fuer-den-green-peak-startup-award-pitch\\\/#article\",\"isPartOf\":{\"@id\":\"https:\\\/\\\/innovation.at\\\/startup-call-fuer-den-green-peak-startup-award-pitch\\\/\"},\"author\":{\"name\":\"isn\",\"@id\":\"https:\\\/\\\/innovation.at\\\/#\\\/schema\\\/person\\\/1f09ba506bdb4364c1ebae926dda1b8d\"},\"headline\":\"Startup Call f\u00fcr den Green Peak Startup Award Pitch\u00a0\",\"datePublished\":\"2022-06-29T15:13:00+00:00\",\"dateModified\":\"2022-11-23T10:20:03+00:00\",\"mainEntityOfPage\":{\"@id\":\"https:\\\/\\\/innovation.at\\\/startup-call-fuer-den-green-peak-startup-award-pitch\\\/\"},\"wordCount\":239,\"commentCount\":0,\"publisher\":{\"@id\":\"https:\\\/\\\/innovation.at\\\/#organization\"},\"image\":{\"@id\":\"https:\\\/\\\/innovation.at\\\/startup-call-fuer-den-green-peak-startup-award-pitch\\\/#primaryimage\"},\"thumbnailUrl\":\"https:\\\/\\\/innovation.at\\\/wp-content\\\/uploads\\\/Green-Peak-Award-1200x752-1.png\",\"articleSection\":[\"News\",\"Slider 2 Startseite\"],\"inLanguage\":\"en-US\",\"potentialAction\":[{\"@type\":\"CommentAction\",\"name\":\"Comment\",\"target\":[\"https:\\\/\\\/innovation.at\\\/startup-call-fuer-den-green-peak-startup-award-pitch\\\/#respond\"]}]},{\"@type\":\"WebPage\",\"@id\":\"https:\\\/\\\/innovation.at\\\/startup-call-fuer-den-green-peak-startup-award-pitch\\\/\",\"url\":\"https:\\\/\\\/innovation.at\\\/startup-call-fuer-den-green-peak-startup-award-pitch\\\/\",\"name\":\"Startup Call f\u00fcr den Green Peak Startup Award Pitch\u00a0 - innovation service network\",\"isPartOf\":{\"@id\":\"https:\\\/\\\/innovation.at\\\/#website\"},\"primaryImageOfPage\":{\"@id\":\"https:\\\/\\\/innovation.at\\\/startup-call-fuer-den-green-peak-startup-award-pitch\\\/#primaryimage\"},\"image\":{\"@id\":\"https:\\\/\\\/innovation.at\\\/startup-call-fuer-den-green-peak-startup-award-pitch\\\/#primaryimage\"},\"thumbnailUrl\":\"https:\\\/\\\/innovation.at\\\/wp-content\\\/uploads\\\/Green-Peak-Award-1200x752-1.png\",\"datePublished\":\"2022-06-29T15:13:00+00:00\",\"dateModified\":\"2022-11-23T10:20:03+00:00\",\"description\":\"Startup Call f\u00fcr den Green Peak Startup Award Pitch am Green Peak Festival 2022, um Investor:innen f\u00fcr ihr Unternehmen zu gewinnen.\",\"breadcrumb\":{\"@id\":\"https:\\\/\\\/innovation.at\\\/startup-call-fuer-den-green-peak-startup-award-pitch\\\/#breadcrumb\"},\"inLanguage\":\"en-US\",\"potentialAction\":[{\"@type\":\"ReadAction\",\"target\":[\"https:\\\/\\\/innovation.at\\\/startup-call-fuer-den-green-peak-startup-award-pitch\\\/\"]}]},{\"@type\":\"ImageObject\",\"inLanguage\":\"en-US\",\"@id\":\"https:\\\/\\\/innovation.at\\\/startup-call-fuer-den-green-peak-startup-award-pitch\\\/#primaryimage\",\"url\":\"https:\\\/\\\/innovation.at\\\/wp-content\\\/uploads\\\/Green-Peak-Award-1200x752-1.png\",\"contentUrl\":\"https:\\\/\\\/innovation.at\\\/wp-content\\\/uploads\\\/Green-Peak-Award-1200x752-1.png\",\"width\":1200,\"height\":752,\"caption\":\"Green-Peak-Award\"},{\"@type\":\"BreadcrumbList\",\"@id\":\"https:\\\/\\\/innovation.at\\\/startup-call-fuer-den-green-peak-startup-award-pitch\\\/#breadcrumb\",\"itemListElement\":[{\"@type\":\"ListItem\",\"position\":1,\"name\":\"Startseite\",\"item\":\"https:\\\/\\\/innovation.at\\\/\"},{\"@type\":\"ListItem\",\"position\":2,\"name\":\"Startup Call f\u00fcr den Green Peak Startup Award Pitch\u00a0\"}]},{\"@type\":\"WebSite\",\"@id\":\"https:\\\/\\\/innovation.at\\\/#website\",\"url\":\"https:\\\/\\\/innovation.at\\\/\",\"name\":\"innovation service network\",\"description\":\"Be brave to think different\",\"publisher\":{\"@id\":\"https:\\\/\\\/innovation.at\\\/#organization\"},\"potentialAction\":[{\"@type\":\"SearchAction\",\"target\":{\"@type\":\"EntryPoint\",\"urlTemplate\":\"https:\\\/\\\/innovation.at\\\/?s={search_term_string}\"},\"query-input\":{\"@type\":\"PropertyValueSpecification\",\"valueRequired\":true,\"valueName\":\"search_term_string\"}}],\"inLanguage\":\"en-US\"},{\"@type\":\"Organization\",\"@id\":\"https:\\\/\\\/innovation.at\\\/#organization\",\"name\":\"innovation service network\",\"url\":\"https:\\\/\\\/innovation.at\\\/\",\"logo\":{\"@type\":\"ImageObject\",\"inLanguage\":\"en-US\",\"@id\":\"https:\\\/\\\/innovation.at\\\/#\\\/schema\\\/logo\\\/image\\\/\",\"url\":\"https:\\\/\\\/innovation.at\\\/wp-content\\\/uploads\\\/isn_logo_small-1.png\",\"contentUrl\":\"https:\\\/\\\/innovation.at\\\/wp-content\\\/uploads\\\/isn_logo_small-1.png\",\"width\":115,\"height\":60,\"caption\":\"innovation service network\"},\"image\":{\"@id\":\"https:\\\/\\\/innovation.at\\\/#\\\/schema\\\/logo\\\/image\\\/\"}},{\"@type\":\"Person\",\"@id\":\"https:\\\/\\\/innovation.at\\\/#\\\/schema\\\/person\\\/1f09ba506bdb4364c1ebae926dda1b8d\",\"name\":\"isn\",\"image\":{\"@type\":\"ImageObject\",\"inLanguage\":\"en-US\",\"@id\":\"https:\\\/\\\/secure.gravatar.com\\\/avatar\\\/2a309001345932d7e2dfd59d590bad6ec46cd372ba5df2855c540d2c19741bb2?s=96&d=mm&r=g\",\"url\":\"https:\\\/\\\/secure.gravatar.com\\\/avatar\\\/2a309001345932d7e2dfd59d590bad6ec46cd372ba5df2855c540d2c19741bb2?s=96&d=mm&r=g\",\"contentUrl\":\"https:\\\/\\\/secure.gravatar.com\\\/avatar\\\/2a309001345932d7e2dfd59d590bad6ec46cd372ba5df2855c540d2c19741bb2?s=96&d=mm&r=g\",\"caption\":\"isn\"}}]}<\/script>\n<!-- \/ Yoast SEO plugin. -->","yoast_head_json":{"title":"Startup Call f\u00fcr den Green Peak Startup Award Pitch\u00a0 - innovation service network","description":"Startup Call f\u00fcr den Green Peak Startup Award Pitch am Green Peak Festival 2022, um Investor:innen f\u00fcr ihr Unternehmen zu gewinnen.","robots":{"index":"index","follow":"follow","max-snippet":"max-snippet:-1","max-image-preview":"max-image-preview:large","max-video-preview":"max-video-preview:-1"},"canonical":"https:\/\/innovation.at\/en\/startup-call-fuer-den-green-peak-startup-award-pitch\/","og_locale":"en_US","og_type":"article","og_title":"Startup Call f\u00fcr den Green Peak Startup Award Pitch\u00a0 - innovation service network","og_description":"Startup Call f\u00fcr den Green Peak Startup Award Pitch am Green Peak Festival 2022, um Investor:innen f\u00fcr ihr Unternehmen zu gewinnen.","og_url":"https:\/\/innovation.at\/en\/startup-call-fuer-den-green-peak-startup-award-pitch\/","og_site_name":"innovation service network","article_published_time":"2022-06-29T15:13:00+00:00","article_modified_time":"2022-11-23T10:20:03+00:00","og_image":[{"width":1200,"height":752,"url":"https:\/\/innovation.at\/wp-content\/uploads\/Green-Peak-Award-1200x752-1.png","type":"image\/png"}],"author":"isn","twitter_card":"summary_large_image","twitter_misc":{"Written by":"isn","Est. reading time":"2 minutes"},"schema":{"@context":"https:\/\/schema.org","@graph":[{"@type":"Article","@id":"https:\/\/innovation.at\/startup-call-fuer-den-green-peak-startup-award-pitch\/#article","isPartOf":{"@id":"https:\/\/innovation.at\/startup-call-fuer-den-green-peak-startup-award-pitch\/"},"author":{"name":"isn","@id":"https:\/\/innovation.at\/#\/schema\/person\/1f09ba506bdb4364c1ebae926dda1b8d"},"headline":"Startup Call f\u00fcr den Green Peak Startup Award Pitch\u00a0","datePublished":"2022-06-29T15:13:00+00:00","dateModified":"2022-11-23T10:20:03+00:00","mainEntityOfPage":{"@id":"https:\/\/innovation.at\/startup-call-fuer-den-green-peak-startup-award-pitch\/"},"wordCount":239,"commentCount":0,"publisher":{"@id":"https:\/\/innovation.at\/#organization"},"image":{"@id":"https:\/\/innovation.at\/startup-call-fuer-den-green-peak-startup-award-pitch\/#primaryimage"},"thumbnailUrl":"https:\/\/innovation.at\/wp-content\/uploads\/Green-Peak-Award-1200x752-1.png","articleSection":["News","Slider 2 Startseite"],"inLanguage":"en-US","potentialAction":[{"@type":"CommentAction","name":"Comment","target":["https:\/\/innovation.at\/startup-call-fuer-den-green-peak-startup-award-pitch\/#respond"]}]},{"@type":"WebPage","@id":"https:\/\/innovation.at\/startup-call-fuer-den-green-peak-startup-award-pitch\/","url":"https:\/\/innovation.at\/startup-call-fuer-den-green-peak-startup-award-pitch\/","name":"Startup Call f\u00fcr den Green Peak Startup Award Pitch\u00a0 - innovation service network","isPartOf":{"@id":"https:\/\/innovation.at\/#website"},"primaryImageOfPage":{"@id":"https:\/\/innovation.at\/startup-call-fuer-den-green-peak-startup-award-pitch\/#primaryimage"},"image":{"@id":"https:\/\/innovation.at\/startup-call-fuer-den-green-peak-startup-award-pitch\/#primaryimage"},"thumbnailUrl":"https:\/\/innovation.at\/wp-content\/uploads\/Green-Peak-Award-1200x752-1.png","datePublished":"2022-06-29T15:13:00+00:00","dateModified":"2022-11-23T10:20:03+00:00","description":"Startup Call f\u00fcr den Green Peak Startup Award Pitch am Green Peak Festival 2022, um Investor:innen f\u00fcr ihr Unternehmen zu gewinnen.","breadcrumb":{"@id":"https:\/\/innovation.at\/startup-call-fuer-den-green-peak-startup-award-pitch\/#breadcrumb"},"inLanguage":"en-US","potentialAction":[{"@type":"ReadAction","target":["https:\/\/innovation.at\/startup-call-fuer-den-green-peak-startup-award-pitch\/"]}]},{"@type":"ImageObject","inLanguage":"en-US","@id":"https:\/\/innovation.at\/startup-call-fuer-den-green-peak-startup-award-pitch\/#primaryimage","url":"https:\/\/innovation.at\/wp-content\/uploads\/Green-Peak-Award-1200x752-1.png","contentUrl":"https:\/\/innovation.at\/wp-content\/uploads\/Green-Peak-Award-1200x752-1.png","width":1200,"height":752,"caption":"Green-Peak-Award"},{"@type":"BreadcrumbList","@id":"https:\/\/innovation.at\/startup-call-fuer-den-green-peak-startup-award-pitch\/#breadcrumb","itemListElement":[{"@type":"ListItem","position":1,"name":"Startseite","item":"https:\/\/innovation.at\/"},{"@type":"ListItem","position":2,"name":"Startup Call f\u00fcr den Green Peak Startup Award Pitch\u00a0"}]},{"@type":"WebSite","@id":"https:\/\/innovation.at\/#website","url":"https:\/\/innovation.at\/","name":"innovation service network","description":"Be brave to think different","publisher":{"@id":"https:\/\/innovation.at\/#organization"},"potentialAction":[{"@type":"SearchAction","target":{"@type":"EntryPoint","urlTemplate":"https:\/\/innovation.at\/?s={search_term_string}"},"query-input":{"@type":"PropertyValueSpecification","valueRequired":true,"valueName":"search_term_string"}}],"inLanguage":"en-US"},{"@type":"Organization","@id":"https:\/\/innovation.at\/#organization","name":"innovation service network","url":"https:\/\/innovation.at\/","logo":{"@type":"ImageObject","inLanguage":"en-US","@id":"https:\/\/innovation.at\/#\/schema\/logo\/image\/","url":"https:\/\/innovation.at\/wp-content\/uploads\/isn_logo_small-1.png","contentUrl":"https:\/\/innovation.at\/wp-content\/uploads\/isn_logo_small-1.png","width":115,"height":60,"caption":"innovation service network"},"image":{"@id":"https:\/\/innovation.at\/#\/schema\/logo\/image\/"}},{"@type":"Person","@id":"https:\/\/innovation.at\/#\/schema\/person\/1f09ba506bdb4364c1ebae926dda1b8d","name":"isn","image":{"@type":"ImageObject","inLanguage":"en-US","@id":"https:\/\/secure.gravatar.com\/avatar\/2a309001345932d7e2dfd59d590bad6ec46cd372ba5df2855c540d2c19741bb2?s=96&d=mm&r=g","url":"https:\/\/secure.gravatar.com\/avatar\/2a309001345932d7e2dfd59d590bad6ec46cd372ba5df2855c540d2c19741bb2?s=96&d=mm&r=g","contentUrl":"https:\/\/secure.gravatar.com\/avatar\/2a309001345932d7e2dfd59d590bad6ec46cd372ba5df2855c540d2c19741bb2?s=96&d=mm&r=g","caption":"isn"}}]}},"_links":{"self":[{"href":"https:\/\/innovation.at\/en\/wp-json\/wp\/v2\/posts\/8186","targetHints":{"allow":["GET"]}}],"collection":[{"href":"https:\/\/innovation.at\/en\/wp-json\/wp\/v2\/posts"}],"about":[{"href":"https:\/\/innovation.at\/en\/wp-json\/wp\/v2\/types\/post"}],"author":[{"embeddable":true,"href":"https:\/\/innovation.at\/en\/wp-json\/wp\/v2\/users\/3"}],"replies":[{"embeddable":true,"href":"https:\/\/innovation.at\/en\/wp-json\/wp\/v2\/comments?post=8186"}],"version-history":[{"count":8,"href":"https:\/\/innovation.at\/en\/wp-json\/wp\/v2\/posts\/8186\/revisions"}],"predecessor-version":[{"id":8196,"href":"https:\/\/innovation.at\/en\/wp-json\/wp\/v2\/posts\/8186\/revisions\/8196"}],"wp:featuredmedia":[{"embeddable":true,"href":"https:\/\/innovation.at\/en\/wp-json\/wp\/v2\/media\/8187"}],"wp:attachment":[{"href":"https:\/\/innovation.at\/en\/wp-json\/wp\/v2\/media?parent=8186"}],"wp:term":[{"taxonomy":"category","embeddable":true,"href":"https:\/\/innovation.at\/en\/wp-json\/wp\/v2\/categories?post=8186"},{"taxonomy":"post_tag","embeddable":true,"href":"https:\/\/innovation.at\/en\/wp-json\/wp\/v2\/tags?post=8186"}],"curies":[{"name":"wp","href":"https:\/\/api.w.org\/{rel}","templated":true}]}}